{"id":1863,"date":"2025-05-27T18:11:46","date_gmt":"2025-05-27T16:11:46","guid":{"rendered":"https:\/\/www.physio-muenster.de\/tibus\/?p=1863"},"modified":"2025-05-27T18:21:41","modified_gmt":"2025-05-27T16:21:41","slug":"patienteninformation-gkv-pkv-zum-01-06-2025","status":"publish","type":"post","link":"https:\/\/www.physio-muenster.de\/tibus\/2025\/05\/27\/patienteninformation-gkv-pkv-zum-01-06-2025\/","title":{"rendered":"Patienteninformation (GKV, PKV) zum 01.06.2025"},"content":{"rendered":"\n<p><br>Sehr geehrte PatientenInnen, Interessierte.<\/p>\n\n\n\n<p><strong>F\u00fcr unsere gesetzlich Krankenversicherten:<\/strong><br>Seit dem 01.05.2021 orientieren wir uns an den zeitlichen Vorgaben der&nbsp;<strong>gesetzlichen Krankenkassen<\/strong>:&nbsp;<br>z.B. f\u00fcr Krankengymnastik, Manuelle Therapie, und behandeln nur noch in einem&nbsp;<strong>20-Min.-Takt<\/strong>.<br>(inkl. der Verlaufsdokumentation, und der Umkleidezeit) <br><em>M\u00f6chten sie die Behandlungzeit verl\u00e4ngern? <\/em><\/p>\n\n\n\n<p><em>Kein Problem Sprechen Sie uns an. Wir werden eine L\u00f6sung finden.<\/em><\/p>\n\n\n\n<p><strong>F\u00fcr unsere privat Krankenversicherten:<\/strong><br>Die Preise f\u00fcr die Privatversicherte werden, nachdem die f\u00fcr gesetzlich Versicherte zum 01.04.2025 ge\u00e4ndert wurden, zum 01.06.2025  angepasst.<br>Dazu werde ich Ihnen zeitnah eine <a href=\"https:\/\/www.physio-muenster.de\/tibus\/preisliste-gueltig-ab-01-05-2021\/\" target=\"_blank\" rel=\"noopener\" title=\"\">neue Preisliste<\/a> mit den ab dem 01.06.2025 g\u00fcltigen Preisen zur Verf\u00fcgung stellen.<\/p>\n\n\n\n<p>Viele Gr\u00fc\u00dfe <br>Sabine Beermann und Team<\/p>\n","protected":false},"excerpt":{"rendered":"<p>Sehr geehrte PatientenInnen, Interessierte. F\u00fcr unsere gesetzlich Krankenversicherten:Seit dem 01.05.2021 orientieren wir uns an den zeitlichen Vorgaben der&nbsp;gesetzlichen Krankenkassen:&nbsp;z.B. f\u00fcr Krankengymnastik, Manuelle Therapie, und behandeln nur noch in einem&nbsp;20-Min.-Takt.(inkl. der Verlaufsdokumentation, und der Umkleidezeit) M\u00f6chten sie die Behandlungzeit verl\u00e4ngern? Kein &hellip; <a href=\"https:\/\/www.physio-muenster.de\/tibus\/2025\/05\/27\/patienteninformation-gkv-pkv-zum-01-06-2025\/\">Weiterlesen <span class=\"meta-nav\">&rarr;<\/span><\/a><\/p>\n","protected":false},"author":1,"featured_media":0,"comment_status":"closed","ping_status":"closed","sticky":false,"template":"","format":"standard","meta":{"_monsterinsights_skip_tracking":false,"_monsterinsights_sitenote_active":false,"_monsterinsights_sitenote_note":"","_monsterinsights_sitenote_category":0,"ngg_post_thumbnail":0,"_themeisle_gutenberg_block_has_review":false},"categories":[1],"tags":[],"aioseo_notices":[],"_links":{"self":[{"href":"https:\/\/www.physio-muenster.de\/tibus\/wp-json\/wp\/v2\/posts\/1863"}],"collection":[{"href":"https:\/\/www.physio-muenster.de\/tibus\/wp-json\/wp\/v2\/posts"}],"about":[{"href":"https:\/\/www.physio-muenster.de\/tibus\/wp-json\/wp\/v2\/types\/post"}],"author":[{"embeddable":true,"href":"https:\/\/www.physio-muenster.de\/tibus\/wp-json\/wp\/v2\/users\/1"}],"replies":[{"embeddable":true,"href":"https:\/\/www.physio-muenster.de\/tibus\/wp-json\/wp\/v2\/comments?post=1863"}],"version-history":[{"count":2,"href":"https:\/\/www.physio-muenster.de\/tibus\/wp-json\/wp\/v2\/posts\/1863\/revisions"}],"predecessor-version":[{"id":1866,"href":"https:\/\/www.physio-muenster.de\/tibus\/wp-json\/wp\/v2\/posts\/1863\/revisions\/1866"}],"wp:attachment":[{"href":"https:\/\/www.physio-muenster.de\/tibus\/wp-json\/wp\/v2\/media?parent=1863"}],"wp:term":[{"taxonomy":"category","embeddable":true,"href":"https:\/\/www.physio-muenster.de\/tibus\/wp-json\/wp\/v2\/categories?post=1863"},{"taxonomy":"post_tag","embeddable":true,"href":"https:\/\/www.physio-muenster.de\/tibus\/wp-json\/wp\/v2\/tags?post=1863"}],"curies":[{"name":"wp","href":"https:\/\/api.w.org\/{rel}","templated":true}]}}