{"id":28,"date":"2011-05-28T22:00:34","date_gmt":"2011-05-28T22:00:34","guid":{"rendered":"http:\/\/www.physio-muenster.de\/tibus\/?p=28"},"modified":"2011-09-06T19:33:13","modified_gmt":"2011-09-06T19:33:13","slug":"ein-tag-im-kletterwald-ibbenburen","status":"publish","type":"post","link":"https:\/\/www.physio-muenster.de\/tibus\/2011\/05\/28\/ein-tag-im-kletterwald-ibbenburen\/","title":{"rendered":"Ein Tag im Kletterwald Ibbenb\u00fcren:"},"content":{"rendered":"<p><a href=\"https:\/\/www.physio-muenster.de\/tibus\/wp-content\/uploads\/2011\/09\/mg_5623-200x300.jpg\"><img decoding=\"async\" loading=\"lazy\" class=\"alignright size-full wp-image-151\" title=\"mg_5623-200x300\" src=\"https:\/\/www.physio-muenster.de\/tibus\/wp-content\/uploads\/2011\/09\/mg_5623-200x300.jpg\" alt=\"\" width=\"200\" height=\"300\" \/><\/a>Hallo.<\/p>\n<p>Heute war ich mit einer Gruppe 4. Kl\u00e4ssler im Kletterwald Ibbenb\u00fcren.<br \/>\nEine bunt gemischte Gruppe von Kindern; Es waren mutige, selbstst\u00e4ndige, aber auch unsichere Kinder dabei.<\/p>\n<p>Nachdem wir unsere Gurte von den Betreuern angelegt bekommen haben, gings los. Erstmal auf den \u00dcbungsparcour, den unsere Betreuerin vorkletterte.<\/p>\n<p><!--more-->Danach wurde es unter Aufsicht und Anleitung ernst. Alle machten prima mit. Niemand wurde unter Druck gesetzt; alle haben selbst bestimmt, wie weit sie die Parcours mitkletterten.<\/p>\n<p>Nat\u00fcrlich gab es Kinder, die ihre Grenzen erkannt haben und sich diesen soweit m\u00f6glich gestellt haben. Andere sind \u00fcber sich hinausgewachsen und haben bis dahin unbekannte Kr\u00e4fte freigesetzt und Mut bewiesen, den ich nicht vorausgesehen habe.<\/p>\n<p>Es war zwar eine gemischte Gruppe, aber alle haben gegenseitig R\u00fccksicht genommen. Niemand wurde ausgegrenzt.<\/p>\n<p>Mein Fazit des Tages:<br \/>\nLiebe Eltern, macht mit euren Kindern mal einen Ausflug dorthin. Ihr kommt ins Staunen, was Eure Kinder alles k\u00f6nnen.<\/p>\n<p>Eure Sabine<\/p>\n","protected":false},"excerpt":{"rendered":"<p>Hallo. Heute war ich mit einer Gruppe 4. Kl\u00e4ssler im Kletterwald Ibbenb\u00fcren. Eine bunt gemischte Gruppe von Kindern; Es waren mutige, selbstst\u00e4ndige, aber auch unsichere Kinder dabei. Nachdem wir unsere Gurte von den Betreuern angelegt bekommen haben, gings los. Erstmal &hellip; <a href=\"https:\/\/www.physio-muenster.de\/tibus\/2011\/05\/28\/ein-tag-im-kletterwald-ibbenburen\/\">Weiterlesen <span class=\"meta-nav\">&rarr;<\/span><\/a><\/p>\n","protected":false},"author":1,"featured_media":0,"comment_status":"open","ping_status":"open","sticky":false,"template":"","format":"standard","meta":{"_monsterinsights_skip_tracking":false,"_monsterinsights_sitenote_active":false,"_monsterinsights_sitenote_note":"","_monsterinsights_sitenote_category":0,"ngg_post_thumbnail":0,"_themeisle_gutenberg_block_has_review":false},"categories":[1],"tags":[],"aioseo_notices":[],"_links":{"self":[{"href":"https:\/\/www.physio-muenster.de\/tibus\/wp-json\/wp\/v2\/posts\/28"}],"collection":[{"href":"https:\/\/www.physio-muenster.de\/tibus\/wp-json\/wp\/v2\/posts"}],"about":[{"href":"https:\/\/www.physio-muenster.de\/tibus\/wp-json\/wp\/v2\/types\/post"}],"author":[{"embeddable":true,"href":"https:\/\/www.physio-muenster.de\/tibus\/wp-json\/wp\/v2\/users\/1"}],"replies":[{"embeddable":true,"href":"https:\/\/www.physio-muenster.de\/tibus\/wp-json\/wp\/v2\/comments?post=28"}],"version-history":[{"count":10,"href":"https:\/\/www.physio-muenster.de\/tibus\/wp-json\/wp\/v2\/posts\/28\/revisions"}],"predecessor-version":[{"id":166,"href":"https:\/\/www.physio-muenster.de\/tibus\/wp-json\/wp\/v2\/posts\/28\/revisions\/166"}],"wp:attachment":[{"href":"https:\/\/www.physio-muenster.de\/tibus\/wp-json\/wp\/v2\/media?parent=28"}],"wp:term":[{"taxonomy":"category","embeddable":true,"href":"https:\/\/www.physio-muenster.de\/tibus\/wp-json\/wp\/v2\/categories?post=28"},{"taxonomy":"post_tag","embeddable":true,"href":"https:\/\/www.physio-muenster.de\/tibus\/wp-json\/wp\/v2\/tags?post=28"}],"curies":[{"name":"wp","href":"https:\/\/api.w.org\/{rel}","templated":true}]}}