{"id":874,"date":"2021-04-10T13:46:47","date_gmt":"2021-04-10T11:46:47","guid":{"rendered":"https:\/\/www.physio-muenster.de\/tibus\/?p=874"},"modified":"2021-04-19T10:13:55","modified_gmt":"2021-04-19T08:13:55","slug":"patienteninformation-gkv-pkv-zum-01-05-2021","status":"publish","type":"post","link":"https:\/\/www.physio-muenster.de\/tibus\/2021\/04\/10\/patienteninformation-gkv-pkv-zum-01-05-2021\/","title":{"rendered":"Patienteninformation    (GKV, PKV) zum 01.05.2021"},"content":{"rendered":"\n<p>Sehr geehrte PatientenInnen, Interessierte.<\/p>\n\n\n\n<p><strong>F\u00fcr unsere gesetzlich Krankenversicherten:<\/strong><br>Vielleicht haben sie die Diskussionen mit den gesetzlichen Krankenkassen der letzten Monate um die <a rel=\"noreferrer noopener\" href=\"https:\/\/physiotherapeuten.de\/news\/2021\/03\/verhandlungen-gescheitert-und-wie-gehts-jetzt-weiter\/\" target=\"_blank\">Verg\u00fctung<\/a> von physiotherapeutischen Behandlungen in der Presse verfolgt. Die Situation ist unbefriedigend. <\/p>\n\n\n\n<p>Ich habe bisher versucht, ihnen, soweit m\u00f6glich, 25 Min. Behandlungszeit zukommen zu lassen. <\/p>\n\n\n\n<p class=\"has-normal-font-size\">Ab den 01.05.2021 werde ich mich mehr an den Vorgaben der <strong>gesetzlichen Krankenkassen<\/strong> orientieren und die zeitlich planbaren Behandlungen <br>z.B. Krankengymnastik, Manuelle Therapie, <br>nur noch in einem <strong>20-Min.-Takt<\/strong>(inkl. der Verlaufsdokumentation) anbieten k\u00f6nnen<br><em>M\u00f6chten sie die Behandlungzeit verl\u00e4ngern? Kein Problem Sprechen Sie uns an. Wir werden eine L\u00f6sung finden.<\/em><\/p>\n\n\n\n<p style=\"font-size:12px\">Zu Ihrer Information: Die Kassen geben einen Richtwert von 15 bis 25 Minuten\/Behandlung  vor.<\/p>\n\n\n\n<p><strong>F\u00fcr unsere privat Krankenversicherten:<\/strong><br>Die Preise f\u00fcr die Privatversicherten werden auch angepasst.<br>Dazu werde ich Ihnen zeitnah eine neue Preisliste mit den ab dem 01.05.2021 g\u00fcltigen Preisen zur Verf\u00fcgung stellen.<br>Darin wird auch eine Pauschale f\u00fcr den hygienischen Mehraufwand enthalten sein. <\/p>\n\n\n\n<p>Viele Gr\u00fc\u00dfe und wie sagt man heute?<br>Bleiben sie negativ \ud83d\ude09<br>Sabine Beermann und Team<\/p>\n","protected":false},"excerpt":{"rendered":"<p>Sehr geehrte PatientenInnen, Interessierte. F\u00fcr unsere gesetzlich Krankenversicherten:Vielleicht haben sie die Diskussionen mit den gesetzlichen Krankenkassen der letzten Monate um die Verg\u00fctung von physiotherapeutischen Behandlungen in der Presse verfolgt. Die Situation ist unbefriedigend. Ich habe bisher versucht, ihnen, soweit m\u00f6glich, &hellip; <a href=\"https:\/\/www.physio-muenster.de\/tibus\/2021\/04\/10\/patienteninformation-gkv-pkv-zum-01-05-2021\/\">Weiterlesen <span class=\"meta-nav\">&rarr;<\/span><\/a><\/p>\n","protected":false},"author":2,"featured_media":875,"comment_status":"closed","ping_status":"closed","sticky":false,"template":"","format":"standard","meta":{"_monsterinsights_skip_tracking":false,"_monsterinsights_sitenote_active":false,"_monsterinsights_sitenote_note":"","_monsterinsights_sitenote_category":0,"ngg_post_thumbnail":0,"_themeisle_gutenberg_block_has_review":false},"categories":[1],"tags":[86,85,61,83,82,43,81,80,84,87],"aioseo_notices":[],"_links":{"self":[{"href":"https:\/\/www.physio-muenster.de\/tibus\/wp-json\/wp\/v2\/posts\/874"}],"collection":[{"href":"https:\/\/www.physio-muenster.de\/tibus\/wp-json\/wp\/v2\/posts"}],"about":[{"href":"https:\/\/www.physio-muenster.de\/tibus\/wp-json\/wp\/v2\/types\/post"}],"author":[{"embeddable":true,"href":"https:\/\/www.physio-muenster.de\/tibus\/wp-json\/wp\/v2\/users\/2"}],"replies":[{"embeddable":true,"href":"https:\/\/www.physio-muenster.de\/tibus\/wp-json\/wp\/v2\/comments?post=874"}],"version-history":[{"count":4,"href":"https:\/\/www.physio-muenster.de\/tibus\/wp-json\/wp\/v2\/posts\/874\/revisions"}],"predecessor-version":[{"id":880,"href":"https:\/\/www.physio-muenster.de\/tibus\/wp-json\/wp\/v2\/posts\/874\/revisions\/880"}],"wp:featuredmedia":[{"embeddable":true,"href":"https:\/\/www.physio-muenster.de\/tibus\/wp-json\/wp\/v2\/media\/875"}],"wp:attachment":[{"href":"https:\/\/www.physio-muenster.de\/tibus\/wp-json\/wp\/v2\/media?parent=874"}],"wp:term":[{"taxonomy":"category","embeddable":true,"href":"https:\/\/www.physio-muenster.de\/tibus\/wp-json\/wp\/v2\/categories?post=874"},{"taxonomy":"post_tag","embeddable":true,"href":"https:\/\/www.physio-muenster.de\/tibus\/wp-json\/wp\/v2\/tags?post=874"}],"curies":[{"name":"wp","href":"https:\/\/api.w.org\/{rel}","templated":true}]}}