{"id":930,"date":"2021-05-14T09:40:27","date_gmt":"2021-05-14T07:40:27","guid":{"rendered":"https:\/\/www.physio-muenster.de\/tibus\/?p=930"},"modified":"2021-10-13T13:06:36","modified_gmt":"2021-10-13T11:06:36","slug":"der-mai-ist-gekommen","status":"publish","type":"post","link":"https:\/\/www.physio-muenster.de\/tibus\/2021\/05\/14\/der-mai-ist-gekommen\/","title":{"rendered":"Der Mai ist gekommen&#8230;"},"content":{"rendered":"\n<p>Einen wundersch\u00f6nen guten Morgen.<br>OK, es regnet, aber was soll&#8217;s?<\/p>\n\n\n\n<p>Gute Nachrichten.<br>Die Impfsituation in M\u00fcnster entspannt sich immer mehr. <br>Ab Samstag, 15.05.2021 greifen die angek\u00fcndigten Erleichterungen, die sich auf die niedrigen Inzidenzzahlen in M\u00fcnster st\u00fctzen. <br>Darauf freuen sich, Alle.<\/p>\n\n\n\n<p><strong>Corona-Update:<\/strong><br>Nat\u00fcrlich ohne Gew\u00e4hr!<br>Es ist schon verr\u00fcckt, was uns an Informationen von der Presse und den Fachleuten angeboten wird. <br><strong>Astra Zeneca.<\/strong> <br>&#8211; Ja, oder Nein. <br>&#8211; Gut oder schlecht? <br><strong>Ist <em>BioNTech<\/em> besser?<\/strong><br>&#8211; Keiner weiss es genau, oder?<br><strong>Auf jeden Fall wirken die Vakzine. Und das ist wichtig.<\/strong><br><strong>Ist eine Impfreaktion was Schlimmes?<\/strong><br><strong>Welche Nebenwirkungen gibt es?<\/strong><br>&#8211; Haben alle Impfstoffe \u00e4hnliche?<br><br>Wir k\u00f6nnen auch nur die Informationen verfolgen, die auch Ihnen im Internet und der Fachpresse geboten wird.<\/p>\n\n\n\n<p>Wie sehen Sie das? Impfen? Und wenn ja womit? <br><br>Wir,  durften gestern die II. Impfung mit AstraZeneca im Impfzentrum geniessen und es geht uns gut.<\/p>\n\n\n\n<p>Ihre Sabine Beermann und Team<\/p>\n","protected":false},"excerpt":{"rendered":"<p>Einen wundersch\u00f6nen guten Morgen.OK, es regnet, aber was soll&#8217;s? Gute Nachrichten.Die Impfsituation in M\u00fcnster entspannt sich immer mehr. Ab Samstag, 15.05.2021 greifen die angek\u00fcndigten Erleichterungen, die sich auf die niedrigen Inzidenzzahlen in M\u00fcnster st\u00fctzen. Darauf freuen sich, Alle. Corona-Update:Nat\u00fcrlich ohne &hellip; <a href=\"https:\/\/www.physio-muenster.de\/tibus\/2021\/05\/14\/der-mai-ist-gekommen\/\">Weiterlesen <span class=\"meta-nav\">&rarr;<\/span><\/a><\/p>\n","protected":false},"author":1,"featured_media":0,"comment_status":"closed","ping_status":"closed","sticky":false,"template":"","format":"standard","meta":{"_monsterinsights_skip_tracking":false,"_monsterinsights_sitenote_active":false,"_monsterinsights_sitenote_note":"","_monsterinsights_sitenote_category":0,"ngg_post_thumbnail":0,"_themeisle_gutenberg_block_has_review":false},"categories":[1],"tags":[88,89,97,95,96,91,98,90,52,68,18,38,94],"aioseo_notices":[],"_links":{"self":[{"href":"https:\/\/www.physio-muenster.de\/tibus\/wp-json\/wp\/v2\/posts\/930"}],"collection":[{"href":"https:\/\/www.physio-muenster.de\/tibus\/wp-json\/wp\/v2\/posts"}],"about":[{"href":"https:\/\/www.physio-muenster.de\/tibus\/wp-json\/wp\/v2\/types\/post"}],"author":[{"embeddable":true,"href":"https:\/\/www.physio-muenster.de\/tibus\/wp-json\/wp\/v2\/users\/1"}],"replies":[{"embeddable":true,"href":"https:\/\/www.physio-muenster.de\/tibus\/wp-json\/wp\/v2\/comments?post=930"}],"version-history":[{"count":2,"href":"https:\/\/www.physio-muenster.de\/tibus\/wp-json\/wp\/v2\/posts\/930\/revisions"}],"predecessor-version":[{"id":932,"href":"https:\/\/www.physio-muenster.de\/tibus\/wp-json\/wp\/v2\/posts\/930\/revisions\/932"}],"wp:attachment":[{"href":"https:\/\/www.physio-muenster.de\/tibus\/wp-json\/wp\/v2\/media?parent=930"}],"wp:term":[{"taxonomy":"category","embeddable":true,"href":"https:\/\/www.physio-muenster.de\/tibus\/wp-json\/wp\/v2\/categories?post=930"},{"taxonomy":"post_tag","embeddable":true,"href":"https:\/\/www.physio-muenster.de\/tibus\/wp-json\/wp\/v2\/tags?post=930"}],"curies":[{"name":"wp","href":"https:\/\/api.w.org\/{rel}","templated":true}]}}