{"id":939,"date":"2021-12-23T16:49:28","date_gmt":"2021-12-23T15:49:28","guid":{"rendered":"https:\/\/www.physio-muenster.de\/tibus\/?p=939"},"modified":"2021-12-23T16:49:30","modified_gmt":"2021-12-23T15:49:30","slug":"verehrte-patienten-und-interessenten","status":"publish","type":"post","link":"https:\/\/www.physio-muenster.de\/tibus\/2021\/12\/23\/verehrte-patienten-und-interessenten\/","title":{"rendered":"Verehrte Patienten und Interessenten."},"content":{"rendered":"\n<p class=\"has-text-align-center\">Das Jahr neigt sich dem Ende zu.<br>War viel los bei uns. Bei Ihnen doch auch?<br><\/p>\n\n\n\n<p>Wir haben Gudrun L\u00fcdeke am Jahresanfang f\u00fcr uns gewinnen k\u00f6nnen.<br>Sie verl\u00e4sst und zum Jahresende und wir w\u00fcnschen Ihr alles Gute f\u00fcr die Zukunft. <\/p>\n\n\n\n<p>Sie haben sicherlich gemerkt, das wir technisch aufger\u00fcstet haben:<br>&#8211; Luftreiniger<br>&#8211; Saug-\/Wischroboter<br>haben ihren Weg in die Praxis gefunden. <br>Es werden nicht die letzten Verbesserungen sein, versprochen.<\/p>\n\n\n\n<p>Die Praxis ist zwischen den Jahren zeitweise ge\u00f6ffnet. <br>Bitte entschuldigen Sie, wenn Sie uns nicht pers\u00f6nlich erreichen k\u00f6nnen. <br>Der Anrufbeantworter ist geschaltet und wird unregelm\u00e4\u00dfig abgeh\u00f6rt.<br>Wir sind ab dem 03.01.2021 wieder zu den gewohnten Zeiten f\u00fcr Sie da.<br>Sie k\u00f6nnen auch gerne eine Email schreiben, oder die Ihnen sonst bekannten Kommunikationswege nutzen<\/p>\n\n\n\n<p><strong>Corona hat vieles ver\u00e4ndert. Wir sind trotzdem f\u00fcr Sie da. <\/strong><br>Kaum ist die einer Herausforderung einigerma\u00dfen geschafft, kommt schon die n\u00e4chste Welle.<br>Wir sind in st\u00e4ndigem Kontakt mit den verschiedensten Ansprechpartnern:<br>\u00c4rzte, Beh\u00f6rden, Kollegen, Berufsverb\u00e4nden um wirklich Up-to-Date zu sein.<br>Nat\u00fcrlich sind wir vollst\u00e4ndig geimpft und erwarten das auch von unseren Patienten und deren Begleitern, die sich impfen lassen k\u00f6nnen.<br>Wir lassen uns regelm\u00e4\u00dfig testen, wie es von uns erwartet wird und dokumentieren dies auch f\u00fcr die Beh\u00f6rden.<br>Was kann uns\/Sie sonst vor einem schweren Krankheitsverlauf sch\u00fctzen?<br>In Gesch\u00e4ften, Lokalit\u00e4ten wie Restaurants schreibt der Gesetzgeber vor, das es ohne 2G nicht geht. Und dort ist man nicht so nah am Menschen wie wir.<\/p>\n\n\n\n<p>  Jetzt ist erst einmal Family Time, also Zeit f\u00fcr die Familie, angesagt. Ein bisschen was Aufholen, was die letzten Monate zu kurz gekommen ist.<\/p>\n\n\n\n<p>Wir, mein Team und ich w\u00fcnschen Ihnen Alles Gute, eine stabile Gesundheit und ganz viel Zeit mit Ihren Lieben.<\/p>\n\n\n\n<p>VG Sabine Beermann  <\/p>\n","protected":false},"excerpt":{"rendered":"<p>Das Jahr neigt sich dem Ende zu.War viel los bei uns. Bei Ihnen doch auch? Wir haben Gudrun L\u00fcdeke am Jahresanfang f\u00fcr uns gewinnen k\u00f6nnen.Sie verl\u00e4sst und zum Jahresende und wir w\u00fcnschen Ihr alles Gute f\u00fcr die Zukunft. Sie haben &hellip; <a href=\"https:\/\/www.physio-muenster.de\/tibus\/2021\/12\/23\/verehrte-patienten-und-interessenten\/\">Weiterlesen <span class=\"meta-nav\">&rarr;<\/span><\/a><\/p>\n","protected":false},"author":1,"featured_media":0,"comment_status":"closed","ping_status":"closed","sticky":false,"template":"","format":"standard","meta":{"_monsterinsights_skip_tracking":false,"_monsterinsights_sitenote_active":false,"_monsterinsights_sitenote_note":"","_monsterinsights_sitenote_category":0,"ngg_post_thumbnail":0,"_themeisle_gutenberg_block_has_review":false},"categories":[1],"tags":[],"aioseo_notices":[],"_links":{"self":[{"href":"https:\/\/www.physio-muenster.de\/tibus\/wp-json\/wp\/v2\/posts\/939"}],"collection":[{"href":"https:\/\/www.physio-muenster.de\/tibus\/wp-json\/wp\/v2\/posts"}],"about":[{"href":"https:\/\/www.physio-muenster.de\/tibus\/wp-json\/wp\/v2\/types\/post"}],"author":[{"embeddable":true,"href":"https:\/\/www.physio-muenster.de\/tibus\/wp-json\/wp\/v2\/users\/1"}],"replies":[{"embeddable":true,"href":"https:\/\/www.physio-muenster.de\/tibus\/wp-json\/wp\/v2\/comments?post=939"}],"version-history":[{"count":4,"href":"https:\/\/www.physio-muenster.de\/tibus\/wp-json\/wp\/v2\/posts\/939\/revisions"}],"predecessor-version":[{"id":943,"href":"https:\/\/www.physio-muenster.de\/tibus\/wp-json\/wp\/v2\/posts\/939\/revisions\/943"}],"wp:attachment":[{"href":"https:\/\/www.physio-muenster.de\/tibus\/wp-json\/wp\/v2\/media?parent=939"}],"wp:term":[{"taxonomy":"category","embeddable":true,"href":"https:\/\/www.physio-muenster.de\/tibus\/wp-json\/wp\/v2\/categories?post=939"},{"taxonomy":"post_tag","embeddable":true,"href":"https:\/\/www.physio-muenster.de\/tibus\/wp-json\/wp\/v2\/tags?post=939"}],"curies":[{"name":"wp","href":"https:\/\/api.w.org\/{rel}","templated":true}]}}